{"id":119162,"date":"2024-08-26T07:17:34","date_gmt":"2024-08-26T12:17:34","guid":{"rendered":"https:\/\/www.theonering.net\/torwp\/?p=119162"},"modified":"2024-08-26T07:17:35","modified_gmt":"2024-08-26T12:17:35","slug":"the-rings-of-power-analysing-elendil-the-faithful","status":"publish","type":"post","link":"https:\/\/www.theonering.net\/torwp\/2024\/08\/26\/119162-the-rings-of-power-analysing-elendil-the-faithful\/","title":{"rendered":"The Rings of Power: analysing Elendil the Faithful"},"content":{"rendered":"\n<p class=\"intro\">The Rings of Power S2 is fast approaching. To keep you thinking, TORn Discord moderator Webcrawler&#8217;s back today with some more pre-release analysis and some interesting insights into a character who will only become more important as the story unfolds: Elendil the Faithful.<\/p>\n\n\n\n<hr class=\"wp-block-separator has-alpha-channel-opacity\"\/>\n\n\n\n<h2 class=\"wp-block-heading\">The Rings of Power: analysing Elendil the Faithful<\/h2>\n\n\n\n<p><em><strong>by TORn Discord moderator Webcrawler<\/strong><\/em><\/p>\n\n\n\n<p>The following analysis contains mild plot spoilers from recent news articles and trailers, so avoid if you do not wish to know. I&#8217;m going to try to talk about the thematic arc of Elendil in S2, but I&#8217;ll start with a recap of Elendil&#8217;s actions in S1.<\/p>\n\n\n\n<figure class=\"wp-block-image size-full\"><img decoding=\"async\" width=\"850\" height=\"928\" src=\"https:\/\/www.theonering.net\/torwp\/wp-content\/uploads\/2024\/08\/image-20.png\" alt=\"\" class=\"wp-image-119163 no-lazyload\" srcset=\"https:\/\/www.theonering.net\/torwp\/wp-content\/uploads\/2024\/08\/image-20.png 850w, https:\/\/www.theonering.net\/torwp\/wp-content\/uploads\/2024\/08\/image-20-275x300.png 275w, https:\/\/www.theonering.net\/torwp\/wp-content\/uploads\/2024\/08\/image-20-768x838.png 768w, https:\/\/www.theonering.net\/torwp\/wp-content\/uploads\/2024\/08\/image-20-147x160.png 147w\" sizes=\"(max-width: 850px) 100vw, 850px\" \/><\/figure>\n\n\n\n<figure class=\"wp-block-image size-large\"><img decoding=\"async\" width=\"1024\" height=\"579\" src=\"https:\/\/www.theonering.net\/torwp\/wp-content\/uploads\/2024\/08\/GUwJlKSaUAAdBu--1024x579.jpg\" alt=\"\" class=\"wp-image-119164 no-lazyload\" srcset=\"https:\/\/www.theonering.net\/torwp\/wp-content\/uploads\/2024\/08\/GUwJlKSaUAAdBu--1024x579.jpg 1024w, https:\/\/www.theonering.net\/torwp\/wp-content\/uploads\/2024\/08\/GUwJlKSaUAAdBu--300x170.jpg 300w, https:\/\/www.theonering.net\/torwp\/wp-content\/uploads\/2024\/08\/GUwJlKSaUAAdBu--768x434.jpg 768w, https:\/\/www.theonering.net\/torwp\/wp-content\/uploads\/2024\/08\/GUwJlKSaUAAdBu--255x144.jpg 255w, https:\/\/www.theonering.net\/torwp\/wp-content\/uploads\/2024\/08\/GUwJlKSaUAAdBu-.jpg 1200w\" sizes=\"(max-width: 1024px) 100vw, 1024px\" \/><\/figure>\n\n\n\n<p>In a S1 interview with Nerd of the Rings, Lloyd Owen mentions <a href=\"https:\/\/www.youtube.com\/live\/Rqt_jANq8cQ?si=KNEZ_3RFv7kJ09D_&amp;t=501\" target=\"_blank\" rel=\"noopener\" title=\"\"><em>The Story of Job<\/em> from the Bible as a source for understanding Elendil<\/a>. I thought it was interesting, as Tolkien describes Elendil as a &#8220;Noachian figure&#8221; in Letter 131 (The Letters of J.R.R. Tolkien). But Job also works.<\/p>\n\n\n\n<p><strong>Job from the Bible (a quick primer)<\/strong><\/p>\n\n\n\n<p>Job is a righteous man who was blessed with a good life, family, wealth, etc. Job&#8217;s faith is then tested and he loses everything. Job however praises God, but is given more trials. He then curses himself for being born, but still does not rebuke God (yet).<\/p>\n\n\n\n<figure class=\"wp-block-image size-large\"><img decoding=\"async\" width=\"1024\" height=\"492\" src=\"https:\/\/www.theonering.net\/torwp\/wp-content\/uploads\/2024\/08\/GUv41U-a8AAn5sB-1024x492.jpg\" alt=\"\" class=\"wp-image-119165 no-lazyload\" srcset=\"https:\/\/www.theonering.net\/torwp\/wp-content\/uploads\/2024\/08\/GUv41U-a8AAn5sB-1024x492.jpg 1024w, https:\/\/www.theonering.net\/torwp\/wp-content\/uploads\/2024\/08\/GUv41U-a8AAn5sB-300x144.jpg 300w, https:\/\/www.theonering.net\/torwp\/wp-content\/uploads\/2024\/08\/GUv41U-a8AAn5sB-768x369.jpg 768w, https:\/\/www.theonering.net\/torwp\/wp-content\/uploads\/2024\/08\/GUv41U-a8AAn5sB-255x122.jpg 255w, https:\/\/www.theonering.net\/torwp\/wp-content\/uploads\/2024\/08\/GUv41U-a8AAn5sB.jpg 1200w\" sizes=\"(max-width: 1024px) 100vw, 1024px\" \/><\/figure>\n\n\n\n<p>Job is an interesting comparison, because in S1, Elendil is a Faithful. In S1, Ep. 3, he justifies bringing Galadriel to N\u00famenor, telling Miriel &#8220;The Sea put her in his path&#8221;. Elendil has already lost his wife at this point. But he still retains some level of his faith.<\/p>\n\n\n<div class=\"wp-block-image\">\n<figure class=\"aligncenter size-large\"><img decoding=\"async\" width=\"1024\" height=\"579\" src=\"https:\/\/www.theonering.net\/torwp\/wp-content\/uploads\/2024\/08\/GUv6Lq0a8AA2sIZ-1024x579.jpg\" alt=\"\" class=\"wp-image-119166 no-lazyload\" srcset=\"https:\/\/www.theonering.net\/torwp\/wp-content\/uploads\/2024\/08\/GUv6Lq0a8AA2sIZ-1024x579.jpg 1024w, https:\/\/www.theonering.net\/torwp\/wp-content\/uploads\/2024\/08\/GUv6Lq0a8AA2sIZ-300x170.jpg 300w, https:\/\/www.theonering.net\/torwp\/wp-content\/uploads\/2024\/08\/GUv6Lq0a8AA2sIZ-768x434.jpg 768w, https:\/\/www.theonering.net\/torwp\/wp-content\/uploads\/2024\/08\/GUv6Lq0a8AA2sIZ-255x144.jpg 255w, https:\/\/www.theonering.net\/torwp\/wp-content\/uploads\/2024\/08\/GUv6Lq0a8AA2sIZ.jpg 1200w\" sizes=\"(max-width: 1024px) 100vw, 1024px\" \/><\/figure>\n<\/div>\n\n\n<p>However, by Episode 7, after losing Isildur, Elendil comes close to rebuking his faith: he wishes he never &#8220;pulled that Elf on board&#8221; his ship. It&#8217;s similar to Job cursing himself for being born. <\/p>\n\n\n\n<p>The fault is still not with &#8220;The Sea&#8221;, his Faith, but rather his own actions.<\/p>\n\n\n\n<figure class=\"wp-block-image size-large\"><img decoding=\"async\" width=\"1024\" height=\"579\" src=\"https:\/\/www.theonering.net\/torwp\/wp-content\/uploads\/2024\/08\/GUv7PZibgAAi_Ak-1024x579.jpg\" alt=\"\" class=\"wp-image-119167 no-lazyload\" srcset=\"https:\/\/www.theonering.net\/torwp\/wp-content\/uploads\/2024\/08\/GUv7PZibgAAi_Ak-1024x579.jpg 1024w, https:\/\/www.theonering.net\/torwp\/wp-content\/uploads\/2024\/08\/GUv7PZibgAAi_Ak-300x170.jpg 300w, https:\/\/www.theonering.net\/torwp\/wp-content\/uploads\/2024\/08\/GUv7PZibgAAi_Ak-768x434.jpg 768w, https:\/\/www.theonering.net\/torwp\/wp-content\/uploads\/2024\/08\/GUv7PZibgAAi_Ak-255x144.jpg 255w, https:\/\/www.theonering.net\/torwp\/wp-content\/uploads\/2024\/08\/GUv7PZibgAAi_Ak.jpg 1200w\" sizes=\"(max-width: 1024px) 100vw, 1024px\" \/><\/figure>\n\n\n\n<p>So in S2, I think Elendil will continue a Job-like story arc. We&#8217;ve seen from behind-the-scenes footage and promotional material that he&#8217;s jailed. We&#8217;ve read that E\u00e4rien might turn against him to seek justice for the loss of Isildur. He likely will lose his position as Captain; more trials for Elendil.<\/p>\n\n\n<div class=\"wp-block-image\">\n<figure class=\"aligncenter size-full\"><img decoding=\"async\" width=\"700\" height=\"456\" src=\"https:\/\/www.theonering.net\/torwp\/wp-content\/uploads\/2024\/08\/GUwGdOSbcAAGKfu.png\" alt=\"\" class=\"wp-image-119168 no-lazyload\" srcset=\"https:\/\/www.theonering.net\/torwp\/wp-content\/uploads\/2024\/08\/GUwGdOSbcAAGKfu.png 700w, https:\/\/www.theonering.net\/torwp\/wp-content\/uploads\/2024\/08\/GUwGdOSbcAAGKfu-300x195.png 300w, https:\/\/www.theonering.net\/torwp\/wp-content\/uploads\/2024\/08\/GUwGdOSbcAAGKfu-246x160.png 246w\" sizes=\"(max-width: 700px) 100vw, 700px\" \/><\/figure>\n<\/div>\n\n\n<p>An aside: there&#8217;s a moment in S1, Ep. 6 when he talks to Isildur about horses and N\u00famenoreans. He mentions learning it from his wife. <\/p>\n\n\n\n<p>I wonder if she was more Faithful of the two. I imagine her death caused strife within the family; Why An\u00e1rion became more devoutly Faithful.<\/p>\n\n\n\n<figure class=\"wp-block-image size-large\"><img decoding=\"async\" width=\"1024\" height=\"571\" src=\"https:\/\/www.theonering.net\/torwp\/wp-content\/uploads\/2024\/08\/GU1mPhDagAAeQqh-1024x571.jpg\" alt=\"\" class=\"wp-image-119169 no-lazyload\" srcset=\"https:\/\/www.theonering.net\/torwp\/wp-content\/uploads\/2024\/08\/GU1mPhDagAAeQqh-1024x571.jpg 1024w, https:\/\/www.theonering.net\/torwp\/wp-content\/uploads\/2024\/08\/GU1mPhDagAAeQqh-300x167.jpg 300w, https:\/\/www.theonering.net\/torwp\/wp-content\/uploads\/2024\/08\/GU1mPhDagAAeQqh-768x428.jpg 768w, https:\/\/www.theonering.net\/torwp\/wp-content\/uploads\/2024\/08\/GU1mPhDagAAeQqh-255x142.jpg 255w, https:\/\/www.theonering.net\/torwp\/wp-content\/uploads\/2024\/08\/GU1mPhDagAAeQqh.jpg 1199w\" sizes=\"(max-width: 1024px) 100vw, 1024px\" \/><\/figure>\n\n\n\n<figure class=\"wp-block-image size-large\"><img decoding=\"async\" width=\"1024\" height=\"571\" src=\"https:\/\/www.theonering.net\/torwp\/wp-content\/uploads\/2024\/08\/GU1mpKIbQAAT9Hu-1024x571.jpg\" alt=\"\" class=\"wp-image-119170 no-lazyload\" srcset=\"https:\/\/www.theonering.net\/torwp\/wp-content\/uploads\/2024\/08\/GU1mpKIbQAAT9Hu-1024x571.jpg 1024w, https:\/\/www.theonering.net\/torwp\/wp-content\/uploads\/2024\/08\/GU1mpKIbQAAT9Hu-300x167.jpg 300w, https:\/\/www.theonering.net\/torwp\/wp-content\/uploads\/2024\/08\/GU1mpKIbQAAT9Hu-768x428.jpg 768w, https:\/\/www.theonering.net\/torwp\/wp-content\/uploads\/2024\/08\/GU1mpKIbQAAT9Hu-255x142.jpg 255w, https:\/\/www.theonering.net\/torwp\/wp-content\/uploads\/2024\/08\/GU1mpKIbQAAT9Hu.jpg 1199w\" sizes=\"(max-width: 1024px) 100vw, 1024px\" \/><\/figure>\n\n\n\n<p><strong>The Parable of the Faithful Son<\/strong><\/p>\n\n\n\n<p>We&#8217;ve established Elendil&#8217;s Job-like story arc in S1. Indications are this will continue in S2. But how does it conclude? He can&#8217;t just suffer endlessly for no reason. So where does it take him, and why?<\/p>\n\n\n\n<figure class=\"wp-block-image size-large\"><img decoding=\"async\" width=\"1024\" height=\"433\" src=\"https:\/\/www.theonering.net\/torwp\/wp-content\/uploads\/2024\/08\/GUyjCGmbMAA9uez-1024x433.jpg\" alt=\"\" class=\"wp-image-119171 no-lazyload\" srcset=\"https:\/\/www.theonering.net\/torwp\/wp-content\/uploads\/2024\/08\/GUyjCGmbMAA9uez-1024x433.jpg 1024w, https:\/\/www.theonering.net\/torwp\/wp-content\/uploads\/2024\/08\/GUyjCGmbMAA9uez-300x127.jpg 300w, https:\/\/www.theonering.net\/torwp\/wp-content\/uploads\/2024\/08\/GUyjCGmbMAA9uez-768x325.jpg 768w, https:\/\/www.theonering.net\/torwp\/wp-content\/uploads\/2024\/08\/GUyjCGmbMAA9uez-255x108.jpg 255w, https:\/\/www.theonering.net\/torwp\/wp-content\/uploads\/2024\/08\/GUyjCGmbMAA9uez.jpg 1199w\" sizes=\"(max-width: 1024px) 100vw, 1024px\" \/><\/figure>\n\n\n\n<p>In an interview with Black Girl Nerds, Lloyd Owen talks about Elendil&#8217;s arc in S2. Lots of good stuff, but at <a href=\"https:\/\/youtu.be\/wmRz5S_wMCQ?si=0WCAxbFVOWerAahL&amp;t=1615\" target=\"_blank\" rel=\"noopener\" title=\"\">around 27:00 Lloyd says<\/a>, &#8220;And to take that gift with me on my horse and ride with it, super special.&#8221; <\/p>\n\n\n\n<p>What is this gift, where does he go?<\/p>\n\n\n\n<p>Many have guessed that the gift is Narsil, and he rides west to And\u00fani\u00eb, but I want to ask why and how. Here I bring up another Biblical comparison, which I believe leads to An\u00e1rion&#8217;s appearance, either at the end of S2 or in S3. And that is the Parable of the Prodigal Son.<\/p>\n\n\n\n<figure class=\"wp-block-image size-large\"><img decoding=\"async\" width=\"1024\" height=\"579\" src=\"https:\/\/www.theonering.net\/torwp\/wp-content\/uploads\/2024\/08\/GUyjbn3a4AApebT-1024x579.jpg\" alt=\"\" class=\"wp-image-119172 no-lazyload\" srcset=\"https:\/\/www.theonering.net\/torwp\/wp-content\/uploads\/2024\/08\/GUyjbn3a4AApebT-1024x579.jpg 1024w, https:\/\/www.theonering.net\/torwp\/wp-content\/uploads\/2024\/08\/GUyjbn3a4AApebT-300x170.jpg 300w, https:\/\/www.theonering.net\/torwp\/wp-content\/uploads\/2024\/08\/GUyjbn3a4AApebT-768x434.jpg 768w, https:\/\/www.theonering.net\/torwp\/wp-content\/uploads\/2024\/08\/GUyjbn3a4AApebT-255x144.jpg 255w, https:\/\/www.theonering.net\/torwp\/wp-content\/uploads\/2024\/08\/GUyjbn3a4AApebT.jpg 1200w\" sizes=\"(max-width: 1024px) 100vw, 1024px\" \/><\/figure>\n\n\n\n<p>This Parable features three characters: A father and two sons. The younger son asks the father for his inheritance, leaves the family, and goes off gallivanting. He spends all the money, becomes destitute, and returns home. And yet, the father welcomes him back with open arms.<\/p>\n\n\n<div class=\"wp-block-image\">\n<figure class=\"aligncenter size-full\"><img decoding=\"async\" width=\"440\" height=\"612\" src=\"https:\/\/www.theonering.net\/torwp\/wp-content\/uploads\/2024\/08\/GUylUcqbgAA_R_t.png\" alt=\"\" class=\"wp-image-119173 no-lazyload\" srcset=\"https:\/\/www.theonering.net\/torwp\/wp-content\/uploads\/2024\/08\/GUylUcqbgAA_R_t.png 440w, https:\/\/www.theonering.net\/torwp\/wp-content\/uploads\/2024\/08\/GUylUcqbgAA_R_t-216x300.png 216w, https:\/\/www.theonering.net\/torwp\/wp-content\/uploads\/2024\/08\/GUylUcqbgAA_R_t-115x160.png 115w\" sizes=\"(max-width: 440px) 100vw, 440px\" \/><\/figure>\n<\/div>\n\n\n<p>The older brother, who stayed dutiful to the father, complains, and then the father says in Luke 15:32, roughly, &#8220;But we had to celebrate and be glad, because this brother of yours was dead and is alive again; he was lost and is found.&#8221; <\/p>\n\n\n\n<p>The parable is about redemption.<\/p>\n\n\n\n<p>Thje Rings of Power flips this around. You have a son (An\u00e1rion) who is Faithful, who leaves his Father and siblings, who choose to be less Faithful in order to fit into N\u00famenorean society. In S1, Ep. 3 Elendil says: &#8220;The past is dead. We either move forward or die with it&#8221;. <\/p>\n\n\n\n<p>He wants to leave the old ways.<\/p>\n\n\n\n<figure class=\"wp-block-image size-large\"><img decoding=\"async\" width=\"1024\" height=\"571\" src=\"https:\/\/www.theonering.net\/torwp\/wp-content\/uploads\/2024\/08\/GUypQfxbMAE4WSb-1024x571.jpg\" alt=\"\" class=\"wp-image-119174 no-lazyload\" srcset=\"https:\/\/www.theonering.net\/torwp\/wp-content\/uploads\/2024\/08\/GUypQfxbMAE4WSb-1024x571.jpg 1024w, https:\/\/www.theonering.net\/torwp\/wp-content\/uploads\/2024\/08\/GUypQfxbMAE4WSb-300x167.jpg 300w, https:\/\/www.theonering.net\/torwp\/wp-content\/uploads\/2024\/08\/GUypQfxbMAE4WSb-768x428.jpg 768w, https:\/\/www.theonering.net\/torwp\/wp-content\/uploads\/2024\/08\/GUypQfxbMAE4WSb-255x142.jpg 255w, https:\/\/www.theonering.net\/torwp\/wp-content\/uploads\/2024\/08\/GUypQfxbMAE4WSb.jpg 1199w\" sizes=\"(max-width: 1024px) 100vw, 1024px\" \/><\/figure>\n\n\n\n<figure class=\"wp-block-image size-large\"><img decoding=\"async\" width=\"1024\" height=\"571\" src=\"https:\/\/www.theonering.net\/torwp\/wp-content\/uploads\/2024\/08\/GUypY9UawAEKM-B-1024x571.jpg\" alt=\"\" class=\"wp-image-119175 no-lazyload\" srcset=\"https:\/\/www.theonering.net\/torwp\/wp-content\/uploads\/2024\/08\/GUypY9UawAEKM-B-1024x571.jpg 1024w, https:\/\/www.theonering.net\/torwp\/wp-content\/uploads\/2024\/08\/GUypY9UawAEKM-B-300x167.jpg 300w, https:\/\/www.theonering.net\/torwp\/wp-content\/uploads\/2024\/08\/GUypY9UawAEKM-B-768x428.jpg 768w, https:\/\/www.theonering.net\/torwp\/wp-content\/uploads\/2024\/08\/GUypY9UawAEKM-B-255x142.jpg 255w, https:\/\/www.theonering.net\/torwp\/wp-content\/uploads\/2024\/08\/GUypY9UawAEKM-B.jpg 1199w\" sizes=\"(max-width: 1024px) 100vw, 1024px\" \/><\/figure>\n\n\n\n<p>In the Parable the son returns to the father, seeking forgiveness and redemption. However, here it is reversed; I think it&#8217;s the father (Elendil) who will return to the son (An\u00e1rion), seeking forgiveness and redemption. <\/p>\n\n\n\n<p>This is why I think Elendil rides off at the end of S2.<\/p>\n\n\n\n<figure class=\"wp-block-image size-large\"><img decoding=\"async\" width=\"1024\" height=\"571\" src=\"https:\/\/www.theonering.net\/torwp\/wp-content\/uploads\/2024\/08\/GUyr1v2bQAAGEgp-1024x571.jpg\" alt=\"\" class=\"wp-image-119176 no-lazyload\" srcset=\"https:\/\/www.theonering.net\/torwp\/wp-content\/uploads\/2024\/08\/GUyr1v2bQAAGEgp-1024x571.jpg 1024w, https:\/\/www.theonering.net\/torwp\/wp-content\/uploads\/2024\/08\/GUyr1v2bQAAGEgp-300x167.jpg 300w, https:\/\/www.theonering.net\/torwp\/wp-content\/uploads\/2024\/08\/GUyr1v2bQAAGEgp-768x428.jpg 768w, https:\/\/www.theonering.net\/torwp\/wp-content\/uploads\/2024\/08\/GUyr1v2bQAAGEgp-255x142.jpg 255w, https:\/\/www.theonering.net\/torwp\/wp-content\/uploads\/2024\/08\/GUyr1v2bQAAGEgp.jpg 1199w\" sizes=\"(max-width: 1024px) 100vw, 1024px\" \/><\/figure>\n\n\n\n<p>There&#8217;s a setup for this too. In the same dinner scene, Elendil says, &#8220;There is nothing for us on our western shores&#8221;. Ironically by the end of S2, there might be nothing for Elendil in Armenelos: one son is presumed dead; E\u00e4rien hates him; he&#8217;s likely no longer Captain.<\/p>\n\n\n\n<figure class=\"wp-block-image size-large\"><img decoding=\"async\" width=\"1024\" height=\"435\" src=\"https:\/\/www.theonering.net\/torwp\/wp-content\/uploads\/2024\/08\/GUyttw9bsAADXYO-1024x435.jpg\" alt=\"\" class=\"wp-image-119177 no-lazyload\" srcset=\"https:\/\/www.theonering.net\/torwp\/wp-content\/uploads\/2024\/08\/GUyttw9bsAADXYO-1024x435.jpg 1024w, https:\/\/www.theonering.net\/torwp\/wp-content\/uploads\/2024\/08\/GUyttw9bsAADXYO-300x128.jpg 300w, https:\/\/www.theonering.net\/torwp\/wp-content\/uploads\/2024\/08\/GUyttw9bsAADXYO-768x326.jpg 768w, https:\/\/www.theonering.net\/torwp\/wp-content\/uploads\/2024\/08\/GUyttw9bsAADXYO-255x108.jpg 255w, https:\/\/www.theonering.net\/torwp\/wp-content\/uploads\/2024\/08\/GUyttw9bsAADXYO.jpg 1200w\" sizes=\"(max-width: 1024px) 100vw, 1024px\" \/><\/figure>\n\n\n\n<p>It&#8217;s unclear how things with M\u00edriel are, but likely, she will play the role of appeasing Pharaz\u00f4n and the King&#8217;s Men. In the same interview with Black Girl Nerds, Lloyd mentions that &#8220;his leadership qualities are being taught to him&#8221; by Miriel. There are also hints of unspoken love.<\/p>\n\n\n\n<figure class=\"wp-block-image size-large\"><img decoding=\"async\" width=\"1024\" height=\"430\" src=\"https:\/\/www.theonering.net\/torwp\/wp-content\/uploads\/2024\/08\/GUyv0K_b0AAEfMG-1024x430.jpg\" alt=\"\" class=\"wp-image-119178 no-lazyload\" srcset=\"https:\/\/www.theonering.net\/torwp\/wp-content\/uploads\/2024\/08\/GUyv0K_b0AAEfMG-1024x430.jpg 1024w, https:\/\/www.theonering.net\/torwp\/wp-content\/uploads\/2024\/08\/GUyv0K_b0AAEfMG-300x126.jpg 300w, https:\/\/www.theonering.net\/torwp\/wp-content\/uploads\/2024\/08\/GUyv0K_b0AAEfMG-768x323.jpg 768w, https:\/\/www.theonering.net\/torwp\/wp-content\/uploads\/2024\/08\/GUyv0K_b0AAEfMG-255x107.jpg 255w, https:\/\/www.theonering.net\/torwp\/wp-content\/uploads\/2024\/08\/GUyv0K_b0AAEfMG.jpg 1200w\" sizes=\"(max-width: 1024px) 100vw, 1024px\" \/><\/figure>\n\n\n\n<p>This scene could be a goodbye scene between them, where M\u00edriel gives Elendil his sword. If so, it&#8217;s a variation on Elrond giving And\u00faril to Aragorn in The Return of the King. Elendil must set aside the Sea Captain, and become who he was born to be.<\/p>\n\n\n\n<p><div class=\"jetpack-video-wrapper\"><span class=\"embed-youtube\" style=\"text-align:center; display: block;\"><iframe class=\"youtube-player lazyload\" width=\"1170\" height=\"659\" data-src=\"https:\/\/www.youtube.com\/embed\/2p5zm-9NCh4?version=3&#038;rel=1&#038;showsearch=0&#038;showinfo=1&#038;iv_load_policy=1&#038;fs=1&#038;hl=en-US&#038;autohide=2&#038;wmode=transparent\" allowfullscreen=\"true\" style=\"border:0;\" sandbox=\"allow-scripts allow-same-origin allow-popups allow-presentation allow-popups-to-escape-sandbox\" src=\"data:image\/svg+xml;base64,PHN2ZyB3aWR0aD0iMSIgaGVpZ2h0PSIxIiB4bWxucz0iaHR0cDovL3d3dy53My5vcmcvMjAwMC9zdmciPjwvc3ZnPg==\" data-load-mode=\"1\"><\/iframe><\/span><\/div><\/p>\n\n\n\n<p>There are hints in S1 about what Elendil&#8217;s lineage might be. I&#8217;ve previously discussed how the show is doing Elendil&#8217;s lineage from the Lords of And\u00fani\u00eb . I think there&#8217;s reason to explore that further in S2, leading to him receiving Narsil.<\/p>\n\n\n<div class=\"wp-block-image\">\n<figure class=\"aligncenter size-full\"><img decoding=\"async\" width=\"653\" height=\"807\" src=\"https:\/\/www.theonering.net\/torwp\/wp-content\/uploads\/2024\/08\/image-21.png\" alt=\"\" class=\"wp-image-119179 no-lazyload\" srcset=\"https:\/\/www.theonering.net\/torwp\/wp-content\/uploads\/2024\/08\/image-21.png 653w, https:\/\/www.theonering.net\/torwp\/wp-content\/uploads\/2024\/08\/image-21-243x300.png 243w, https:\/\/www.theonering.net\/torwp\/wp-content\/uploads\/2024\/08\/image-21-129x160.png 129w\" sizes=\"(max-width: 653px) 100vw, 653px\" \/><\/figure>\n<\/div>\n\n\n<p>So I think that all of this, Elendil&#8217;s suffering, his struggle with Faith in Armenelos, will lead him to going West. Narsil is a Quenya name that symbolically refers to the Sun and the Moon. An\u00e1rion means Son of the Sun.<\/p>\n\n\n\n<p>To renew his Faith, Elendil must turn to the Sun.<\/p>\n\n\n<div class=\"wp-block-image\">\n<figure class=\"aligncenter size-large\"><img decoding=\"async\" width=\"1024\" height=\"302\" src=\"https:\/\/www.theonering.net\/torwp\/wp-content\/uploads\/2024\/08\/image-22-1024x302.png\" alt=\"\" class=\"wp-image-119182 no-lazyload\" srcset=\"https:\/\/www.theonering.net\/torwp\/wp-content\/uploads\/2024\/08\/image-22-1024x302.png 1024w, https:\/\/www.theonering.net\/torwp\/wp-content\/uploads\/2024\/08\/image-22-300x89.png 300w, https:\/\/www.theonering.net\/torwp\/wp-content\/uploads\/2024\/08\/image-22-768x227.png 768w, https:\/\/www.theonering.net\/torwp\/wp-content\/uploads\/2024\/08\/image-22-255x75.png 255w, https:\/\/www.theonering.net\/torwp\/wp-content\/uploads\/2024\/08\/image-22.png 1247w\" sizes=\"(max-width: 1024px) 100vw, 1024px\" \/><figcaption class=\"wp-element-caption\"><em>The Lord of the Rings: The Rings of Power<\/em> (Season Two: Amazon Original Series Soundtrack)<\/figcaption><\/figure>\n<\/div>\n\n<div class=\"wp-block-image\">\n<figure class=\"aligncenter size-full\"><img decoding=\"async\" width=\"576\" height=\"1024\" src=\"https:\/\/www.theonering.net\/torwp\/wp-content\/uploads\/2024\/08\/GUy0k9saMAAqezu.jpg\" alt=\"\" class=\"wp-image-119180 no-lazyload\" srcset=\"https:\/\/www.theonering.net\/torwp\/wp-content\/uploads\/2024\/08\/GUy0k9saMAAqezu.jpg 576w, https:\/\/www.theonering.net\/torwp\/wp-content\/uploads\/2024\/08\/GUy0k9saMAAqezu-169x300.jpg 169w, https:\/\/www.theonering.net\/torwp\/wp-content\/uploads\/2024\/08\/GUy0k9saMAAqezu-90x160.jpg 90w\" sizes=\"(max-width: 576px) 100vw, 576px\" \/><\/figure>\n<\/div>\n\n\n<p><em>About the author: Webcrawler is a full-time data analyst and a part-time Tolkien aficionado and moderator on TheOneRing.net\u2019s <a href=\"https:\/\/discord.gg\/theonering\" target=\"_blank\" rel=\"noreferrer noopener\">Discord Server<\/a>.<\/em> <em>When he\u2019s not working or in the discord, Webcrawler is horsing around on Twitter<\/em>.<\/p>\n\n\n\n<p><\/p>\n","protected":false},"excerpt":{"rendered":"<p>The Rings of Power S2 is fast approaching. To keep you thinking, TORn Discord moderator Webcrawler&#8217;s back today&#8230;<\/p>\n","protected":false},"author":14,"featured_media":119164,"comment_status":"open","ping_status":"closed","sticky":false,"template":"","format":"standard","meta":{"inline_featured_image":false,"jetpack_post_was_ever_published":false,"_jetpack_newsletter_access":"","_jetpack_dont_email_post_to_subs":false,"_jetpack_newsletter_tier_id":0,"_jetpack_memberships_contains_paywalled_content":false,"_jetpack_memberships_contains_paid_content":false,"footnotes":"","jetpack_publicize_message":"","jetpack_publicize_feature_enabled":false,"jetpack_social_post_already_shared":false,"jetpack_social_options":{"image_generator_settings":{"template":"highway","enabled":false},"version":2}},"categories":[3119,3479,3734],"tags":[1997,1998,4262,4263,1788],"class_list":["post-119162","post","type-post","status-publish","format-standard","has-post-thumbnail","hentry","category-amazon-tv-series","category-lloyd-owen","category-the-rings-of-power","tag-anarion","tag-elendil","tag-elendil-the-faithful","tag-isildurr","tag-library"],"aioseo_notices":[],"jetpack_publicize_connections":[],"jetpack_featured_media_url":"https:\/\/www.theonering.net\/torwp\/wp-content\/uploads\/2024\/08\/GUwJlKSaUAAdBu-.jpg","jetpack_shortlink":"https:\/\/wp.me\/p1tLoH-uZY","jetpack_sharing_enabled":true,"_links":{"self":[{"href":"https:\/\/www.theonering.net\/torwp\/wp-json\/wp\/v2\/posts\/119162","targetHints":{"allow":["GET"]}}],"collection":[{"href":"https:\/\/www.theonering.net\/torwp\/wp-json\/wp\/v2\/posts"}],"about":[{"href":"https:\/\/www.theonering.net\/torwp\/wp-json\/wp\/v2\/types\/post"}],"author":[{"embeddable":true,"href":"https:\/\/www.theonering.net\/torwp\/wp-json\/wp\/v2\/users\/14"}],"replies":[{"embeddable":true,"href":"https:\/\/www.theonering.net\/torwp\/wp-json\/wp\/v2\/comments?post=119162"}],"version-history":[{"count":9,"href":"https:\/\/www.theonering.net\/torwp\/wp-json\/wp\/v2\/posts\/119162\/revisions"}],"predecessor-version":[{"id":119190,"href":"https:\/\/www.theonering.net\/torwp\/wp-json\/wp\/v2\/posts\/119162\/revisions\/119190"}],"wp:featuredmedia":[{"embeddable":true,"href":"https:\/\/www.theonering.net\/torwp\/wp-json\/wp\/v2\/media\/119164"}],"wp:attachment":[{"href":"https:\/\/www.theonering.net\/torwp\/wp-json\/wp\/v2\/media?parent=119162"}],"wp:term":[{"taxonomy":"category","embeddable":true,"href":"https:\/\/www.theonering.net\/torwp\/wp-json\/wp\/v2\/categories?post=119162"},{"taxonomy":"post_tag","embeddable":true,"href":"https:\/\/www.theonering.net\/torwp\/wp-json\/wp\/v2\/tags?post=119162"}],"curies":[{"name":"wp","href":"https:\/\/api.w.org\/{rel}","templated":true}]}}